[{"@context":"https:\/\/schema.org\/","@type":"Article","@id":"https:\/\/www.blackle.cz\/za-rozumne-ceny-nyni-kdeco\/#Article","mainEntityOfPage":"https:\/\/www.blackle.cz\/za-rozumne-ceny-nyni-kdeco\/","headline":"Za rozumn\u00e9 ceny nyn\u00ed kdeco","name":"Za rozumn\u00e9 ceny nyn\u00ed kdeco","description":"Hled\u00e1te v let\u00e1c\u00edch, kde maj\u00ed, t\u0159eba i dlouhodob\u011b, n\u00edzk\u00e9 ceny potravin, zeleniny a ovoce? Kde tak\u00e9 najdete krom\u011b toho tak\u00e9\u010c\u00edst d\u00e1le","datePublished":"2025-04-27","dateModified":"2025-04-27","author":{"@type":"Person","@id":"https:\/\/www.blackle.cz\/author\/#Person","name":"","url":"https:\/\/www.blackle.cz\/author\/","identifier":1,"image":{"@type":"ImageObject","@id":"https:\/\/secure.gravatar.com\/avatar\/774cfd57496a9f02284489749b4229073861faca9d8a66df7d65507a77c5d31f?s=96&d=mm&r=g","url":"https:\/\/secure.gravatar.com\/avatar\/774cfd57496a9f02284489749b4229073861faca9d8a66df7d65507a77c5d31f?s=96&d=mm&r=g","height":96,"width":96}},"publisher":{"@type":"Organization","name":"blackle.cz","logo":{"@type":"ImageObject","@id":"\/logo.png","url":"\/logo.png","width":600,"height":60}},"url":"https:\/\/www.blackle.cz\/za-rozumne-ceny-nyni-kdeco\/","wordCount":158,"articleBody":"Hled\u00e1te v let\u00e1c\u00edch, kde maj\u00ed, t\u0159eba i dlouhodob\u011b, n\u00edzk\u00e9 ceny potravin, zeleniny a ovoce? Kde tak\u00e9 najdete krom\u011b toho tak\u00e9 kvalitn\u00ed zbo\u017e\u00ed a bezchybn\u00e9, funk\u010dn\u00ed v\u00fdrobky a spot\u0159ebi\u010de? Kde tak\u00e9 maj\u00ed oble\u010den\u00ed, boty a jin\u00e9? No p\u0159ece v Tescu! Tak nap\u0159\u00edklad v let\u00e1ku Tesca maj\u00ed v\u0161echno p\u011bkn\u011b nafocen\u00e9 a p\u0159ehledn\u011b se\u0159azen\u00e9 po kategori\u00edch, tak\u017ee p\u0159ehled si ud\u011bl\u00e1te v mal\u00e9 chvilce.Kam za d\u00e1rky?Ob\u010das pot\u0159ebujete tak\u00e9 n\u011bjak\u00e9 d\u00e1rky pro sv\u00e9 bl\u00edzk\u00e9 k sv\u00e1tku, narozenin\u00e1m, Valent\u00fdnovi\u2026 Kdy\u017e dob\u0159e prolistujete let\u00e1k Tesco, najdete drobn\u00e9 i dra\u017e\u0161\u00ed zaj\u00edmav\u00e9 d\u00e1rky, a\u0165 u\u017e z drogerie \u010di kosmetiky, textiln\u00edch dopl\u0148k\u016f a oble\u010den\u00ed, kter\u00e9 tam maj\u00ed dokonce i na kojence. Sta\u010d\u00ed si jen vybrat, slevy po V\u00e1noc\u00edch jsou mnohdy i v\u00edc ne\u017e pades\u00e1tiprocentn\u00ed.                                                                                                                                                                                                                                                                                                                                                                                                "},{"@context":"https:\/\/schema.org\/","@type":"BreadcrumbList","itemListElement":[{"@type":"ListItem","position":1,"name":"Za rozumn\u00e9 ceny nyn\u00ed kdeco","item":"https:\/\/www.blackle.cz\/za-rozumne-ceny-nyni-kdeco\/#breadcrumbitem"}]}]