[{"@context":"https:\/\/schema.org\/","@type":"Article","@id":"https:\/\/www.blackle.cz\/vliv-kilogramu-a-velikosti-obleceni-na-nase-zivoty\/#Article","mainEntityOfPage":"https:\/\/www.blackle.cz\/vliv-kilogramu-a-velikosti-obleceni-na-nase-zivoty\/","headline":"Vliv kilogram\u016f a velikost\u00ed oble\u010den\u00ed na na\u0161e \u017eivoty","name":"Vliv kilogram\u016f a velikost\u00ed oble\u010den\u00ed na na\u0161e \u017eivoty","description":"Dalo by se \u0159\u00edci, \u017ee v r\u00e1mci dob d\u0159\u00edv\u011bj\u0161\u00edch zde panovalo n\u011bco, co by sou\u010dasn\u00e1, modern\u00ed spole\u010dnost jist\u011b dlouhodob\u011b neunesla.\u010c\u00edst d\u00e1le","datePublished":"2020-06-20","dateModified":"2023-05-06","author":{"@type":"Person","@id":"https:\/\/www.blackle.cz\/author\/#Person","name":"","url":"https:\/\/www.blackle.cz\/author\/","identifier":1,"image":{"@type":"ImageObject","@id":"https:\/\/secure.gravatar.com\/avatar\/774cfd57496a9f02284489749b4229073861faca9d8a66df7d65507a77c5d31f?s=96&d=mm&r=g","url":"https:\/\/secure.gravatar.com\/avatar\/774cfd57496a9f02284489749b4229073861faca9d8a66df7d65507a77c5d31f?s=96&d=mm&r=g","height":96,"width":96}},"publisher":{"@type":"Organization","name":"blackle.cz","logo":{"@type":"ImageObject","@id":"\/logo.png","url":"\/logo.png","width":600,"height":60}},"image":{"@type":"ImageObject","@id":"https:\/\/www.blackle.cz\/wp-content\/uploads\/v%C3%A1ha%20a%20metr_1.jpeg","url":"https:\/\/www.blackle.cz\/wp-content\/uploads\/v%C3%A1ha%20a%20metr_1.jpeg","height":0,"width":0},"url":"https:\/\/www.blackle.cz\/vliv-kilogramu-a-velikosti-obleceni-na-nase-zivoty\/","about":["Business"],"wordCount":465,"articleBody":"      Dalo by se \u0159\u00edci, \u017ee v r\u00e1mci dob d\u0159\u00edv\u011bj\u0161\u00edch zde panovalo n\u011bco, co by sou\u010dasn\u00e1, modern\u00ed spole\u010dnost jist\u011b dlouhodob\u011b neunesla. Lid\u00e9 byli v\u00edce pospolu, rozum\u011bli si a um\u011bli si pom\u00e1hat. Vedle toho v\u0161eho dobr\u00e9 v\u0161ak tak\u00e9 doch\u00e1zelo k tomu, \u017ee n\u011bkte\u0159\u00ed byli mo\u017en\u00e1 o n\u011bco siln\u011bj\u0161\u00ed, ne\u017e by bylo pot\u0159eba. Na\u0161t\u011bst\u00ed to v\u0161ak nikdo ne\u0159e\u0161il.Soudob\u00e1 spole\u010dnost v\u0161ak k takov\u00fdmto lidem a\u017e tak laskav\u00e1 nen\u00ed, a pr\u00e1v\u011b to je \u0161patn\u011b. Ka\u017ed\u00fd z n\u00e1s si toti\u017e \u017eije sv\u016fj vlastn\u00ed \u017eivot, a tak by se m\u011bl zaj\u00edmat v\u00fdhradn\u011b o ten sv\u016fj, rodiny a kamar\u00e1du. V \u017e\u00e1dn\u00e9m p\u0159\u00edpad\u011b by v\u0161ak nem\u011bl na ostatn\u00edch, pro n\u011bj nezn\u00e1m\u00fdch lidech, hledat n\u011bjak\u00e9 chyby, jeliko\u017e by se to opravdu brzy mohlo obr\u00e1tit proti n\u011bmu (a to jist\u011b nikdo z n\u00e1s nechce).Je tak tedy na m\u00edst\u011b, abychom se kone\u010dn\u011b za\u010dali zaj\u00edmat v\u00edce o sebe, a na\u0161li si k sob\u011b cestu, jeliko\u017e pr\u00e1v\u011b to je opravdov\u00fdm kl\u00ed\u010dem k \u00fasp\u011bchu. Skv\u011bl\u00fdm pomocn\u00edkem je tak\u00e9 bmi index Bmikalkulacka, dle kter\u00e9ho zjist\u00edte, zda-li je opravdu nutn\u00e9 n\u011bco m\u011bnit, \u010di zda jen sta\u010d\u00ed p\u0159idat n\u011bjak\u00fd ten pohyb. Tomuto n\u00e1stroji pln\u011b d\u016fv\u011b\u0159ujte, jeliko\u017e jen tak je mo\u017en\u00e9, aby se v\u00e1\u0161 \u017eivot neto\u010dil st\u00e1le jen kolem \u010d\u00edsel.Vedle toho je v\u0161ak tak\u00e9 d\u016fle\u017eit\u00e9, abyste sv\u016fj \u017eivot m\u011bli pod pln\u00fdm dohledem, i co se t\u00fd\u010de oble\u010den\u00ed, jeliko\u017e co v\u00fdrobce, to jin\u00e1 velikost. Je tak tedy zcela b\u011b\u017en\u00e9, \u017ee n\u011bkde v\u00e1m bude velikost \u201eS\u201c \u010di \u201eM\u201c, av\u0161ak jinde budete pot\u0159ebovat \u201eL\u201c \u010di \u201eXL\u201c. Neberte to jako n\u011bco \u0161patn\u00e9, a m\u00edsto toho, abyste \u0159e\u0161ili velikost, rad\u011bji \u0159e\u0161te kvalitu, jeliko\u017e t\u00edm m\u016f\u017eete pomoci jak sami sob\u011b, tak i sv\u00e9mu okol\u00ed.Ze v\u0161eho nejd\u016fle\u017eit\u011bj\u0161\u00ed v\u0161ak je, abyste se p\u0159estali styd\u011bt za sv\u00e9 t\u011blo, jeliko\u017e jen d\u00edky n\u011bmu jste t\u00edm, k\u00fdm jste. Nem\u00e1 tak tedy cenu \u0159e\u0161it n\u011bjakou tu jizvu \u010di pihu, jeliko\u017e pr\u00e1v\u011b to je podstatnou sou\u010d\u00e1st\u00ed va\u0161eho \u017eivotn\u00edho p\u0159\u00edb\u011bhu \u2013 bez toho byste to prost\u011b nebyli vy, sp\u00ed\u0161e by se jednalo o jakousi va\u0161i napodobeninu. Uv\u011bdomte si tak tedy svou vlastn\u00ed s\u00edlu, a dal\u0161\u00ed r\u00e1no vst\u00e1vejte s pocitem, \u017ee m\u016f\u017eete zvl\u00e1dnout absolutn\u011b cokoliv, sta\u010d\u00ed jen, kdy\u017e budete cht\u00edt!                                                                                                                                                                                                                                                                                                                                                                                          3.9\/5 - (9 votes)        "},{"@context":"https:\/\/schema.org\/","@type":"BreadcrumbList","itemListElement":[{"@type":"ListItem","position":1,"name":"Vliv kilogram\u016f a velikost\u00ed oble\u010den\u00ed na na\u0161e \u017eivoty","item":"https:\/\/www.blackle.cz\/vliv-kilogramu-a-velikosti-obleceni-na-nase-zivoty\/#breadcrumbitem"}]}]