[{"@context":"https:\/\/schema.org\/","@type":"Article","@id":"https:\/\/www.blackle.cz\/popelka-by-se-nestacila-divit\/#Article","mainEntityOfPage":"https:\/\/www.blackle.cz\/popelka-by-se-nestacila-divit\/","headline":"Popelka by se nesta\u010dila divit","name":"Popelka by se nesta\u010dila divit","description":"&bdquo;Nem\u00e1m co na sebe, nem\u00e1m \u017e\u00e1dn\u00e9 po\u0159\u00e1dn\u00e9 boty &#8230;&#8230;&ldquo; To jsou slova, kter\u00e1 hlavn\u011b mu\u017ee dok\u00e1\u017e\u00ed vyto\u010dit t\u00e9m\u011b\u0159 k&nbsp;nep\u0159\u00ed\u010detnosti. Prost\u011b\u010c\u00edst d\u00e1le","datePublished":"2023-05-06","dateModified":"2023-05-06","author":{"@type":"Person","@id":"https:\/\/www.blackle.cz\/author\/#Person","name":"","url":"https:\/\/www.blackle.cz\/author\/","identifier":1,"image":{"@type":"ImageObject","@id":"https:\/\/secure.gravatar.com\/avatar\/774cfd57496a9f02284489749b4229073861faca9d8a66df7d65507a77c5d31f?s=96&d=mm&r=g","url":"https:\/\/secure.gravatar.com\/avatar\/774cfd57496a9f02284489749b4229073861faca9d8a66df7d65507a77c5d31f?s=96&d=mm&r=g","height":96,"width":96}},"publisher":{"@type":"Organization","name":"blackle.cz","logo":{"@type":"ImageObject","@id":"\/logo.png","url":"\/logo.png","width":600,"height":60}},"image":{"@type":"ImageObject","@id":"https:\/\/www.blackle.cz\/wp-content\/uploads\/img_a328418_w2608_t1540717262.jpg","url":"https:\/\/www.blackle.cz\/wp-content\/uploads\/img_a328418_w2608_t1540717262.jpg","height":0,"width":0},"url":"https:\/\/www.blackle.cz\/popelka-by-se-nestacila-divit\/","about":["M\u00f3da"],"wordCount":464,"articleBody":"&bdquo;Nem\u00e1m co na sebe, nem\u00e1m \u017e\u00e1dn\u00e9 po\u0159\u00e1dn\u00e9 boty &#8230;&#8230;&ldquo; To jsou slova, kter\u00e1 hlavn\u011b mu\u017ee dok\u00e1\u017e\u00ed vyto\u010dit t\u00e9m\u011b\u0159 k&nbsp;nep\u0159\u00ed\u010detnosti. Prost\u011b \u017eeny to maj\u00ed t\u011b\u017ek\u00e9, a to ve v\u0161em. Kter\u00e1 \u017eena by necht\u011bla j\u00edt s&nbsp;m\u00f3dou, m\u00edt plnou sk\u0159\u00ed\u0148 posledn\u00edch m\u00f3dn\u00edch kreac\u00ed, a to se t\u00fdk\u00e1 nejen oble\u010den\u00ed, ale i obuvi.\tHlavn\u00ed je c\u00edtit se pohodln\u011b, ale z\u00e1rove\u0148 by boty m\u011bly vypadat i dob\u0159e. A n\u011bkdy to skloubit nen\u00ed rozhodn\u011b nic jednoduch\u00e9ho. Nab\u00eddka bot je sice \u0161irok\u00e1, ale ruku na srdce, n\u011bkdy je m\u00edt cel\u00fd den na nohou nen\u00ed zrovna p\u0159\u00edjemn\u00e9 a n\u011bkdy to m\u016f\u017ee b\u00fdt i bolestiv\u00e9, prost\u011b pohodl\u00ed je na druh\u00e9m m\u00edst\u011b. I kdy\u017e spousta \u017een pro kr\u00e1su dok\u00e1\u017ee trp\u011bt a na vysok\u00fdch podpatc\u00edch dok\u00e1\u017e\u00ed vydr\u017eet cel\u00fd den. Ale co se te\u010f nos\u00ed, jak\u00e9 barvy jsou v&nbsp;kurzu a lze si na nohy vz\u00edt i n\u011bco ne p\u0159\u00edli\u0161 tradi\u010dn\u00edho?\t\t\u017dena by p\u0159edev\u0161\u00edm m\u011bla vypadat jako \u017eena. Obuv by m\u011bla p\u016fsobit \u017eensky a elegantn\u011b. Protip\u00f3lem jsou pak modely lehce extravagantn\u00ed. St\u00e1licemi jsou pak oby\u010dejn\u00e9 tenisky, baler\u00edny nebo star\u00e9 dobr\u00e9 mokas\u00edny. Svoji oblibu si ur\u010dit\u011b z\u00edskaly d\u00edky tomu, \u017ee jejich no\u0161en\u00ed je pohodln\u00e9 a nohy v&nbsp;nich netrp\u00ed. Podobn\u011b jsou na tom, co se t\u00fd\u010de st\u00e1losti, i lodi\u010dky klasick\u00e9ho tvaru. Do m\u00f3dy se op\u011bt dostala obuv na kl\u00ednku a lehk\u00e9 sand\u00e1ly, ur\u010den\u00e9 p\u0159edev\u0161\u00edm pro hork\u00e9 letn\u00ed dny. I nev\u00fdrazn\u00e9 kousky mohou b\u00fdt zaj\u00edmav\u00e9, a to d\u00edky zdoben\u00ed \u0161trasov\u00fdmi kam\u00ednky nebo n\u00fdty. Z&nbsp;barev jsou in pastelov\u00e9, u sportovn\u00ed obuvi neonov\u00e9. Letn\u00edmu oble\u010den\u00ed jist\u011b zalichot\u00ed obuv v&nbsp;barv\u011b zlat\u00e9 nebo leskl\u00fdch odst\u00edn\u016f.\t\tKlasika v&nbsp;podob\u011b lodi\u010dek ur\u010den\u00fdch nejen pro v\u0161edn\u00ed dny, ale i sv\u00e1te\u010dn\u00ed chv\u00edle, m\u016f\u017ee m\u00edt n\u011bkolik variant. Od otev\u0159en\u00fdch \u0161pi\u010dek, kter\u00e9 jsou ide\u00e1ln\u00ed v&nbsp;tepl\u00fdch dnech, a\u017e po v\u00fdrazn\u00e9 barvy nebo zdoben\u00ed. \tSv\u00e9 p\u0159edn\u00ed m\u00edsto si dr\u017e\u00ed obuv, kterou znaj\u00ed u\u017e mal\u00e9 hol\u010di\u010dky pod n\u00e1zvem baler\u00edny. Ty existuj\u00ed snad ve v\u0161ech mo\u017en\u00fdch barevn\u00fdch variant\u00e1ch a nosit se daj\u00ed opravdu ke v\u0161emu. Proto by nem\u011bly chyb\u011bt v&nbsp;\u017e\u00e1dn\u00e9m botn\u00edku. \tTak, mil\u00e9 d\u00e1my, jak jste na tom s&nbsp;obsahem sv\u00e9ho botn\u00edku? Nen\u00ed \u010das vyrazit na n\u00e1kupy?                                                                                                                                                                                                                                                                                                                                                                                        4.1\/5 - (13 votes)        "},{"@context":"https:\/\/schema.org\/","@type":"BreadcrumbList","itemListElement":[{"@type":"ListItem","position":1,"name":"Popelka by se nesta\u010dila divit","item":"https:\/\/www.blackle.cz\/popelka-by-se-nestacila-divit\/#breadcrumbitem"}]}]