[{"@context":"https:\/\/schema.org\/","@type":"Article","@id":"https:\/\/www.blackle.cz\/nemuze-se-vam-postavit\/#Article","mainEntityOfPage":"https:\/\/www.blackle.cz\/nemuze-se-vam-postavit\/","headline":"Nem\u016f\u017ee se v\u00e1m postavit?","name":"Nem\u016f\u017ee se v\u00e1m postavit?","description":"Probl\u00e9my mu\u017e\u016f jsou, i kdy\u017e to v\u011bt\u0161ina lid\u00ed nev\u00ed, na stejn\u00e9 \u00farovni jako probl\u00e9my \u017een. Hodn\u011b lid\u00ed v dne\u0161n\u00ed dob\u011b\u010c\u00edst d\u00e1le","datePublished":"2023-05-27","dateModified":"2024-05-28","author":{"@type":"Person","@id":"https:\/\/www.blackle.cz\/author\/#Person","name":"","url":"https:\/\/www.blackle.cz\/author\/","identifier":1,"image":{"@type":"ImageObject","@id":"https:\/\/secure.gravatar.com\/avatar\/774cfd57496a9f02284489749b4229073861faca9d8a66df7d65507a77c5d31f?s=96&d=mm&r=g","url":"https:\/\/secure.gravatar.com\/avatar\/774cfd57496a9f02284489749b4229073861faca9d8a66df7d65507a77c5d31f?s=96&d=mm&r=g","height":96,"width":96}},"publisher":{"@type":"Organization","name":"blackle.cz","logo":{"@type":"ImageObject","@id":"\/logo.png","url":"\/logo.png","width":600,"height":60}},"image":{"@type":"ImageObject","@id":"https:\/\/www.blackle.cz\/wp-content\/uploads\/deon-black-bk36b0t2MXw-unsplash_1.jpg","url":"https:\/\/www.blackle.cz\/wp-content\/uploads\/deon-black-bk36b0t2MXw-unsplash_1.jpg","height":0,"width":0},"url":"https:\/\/www.blackle.cz\/nemuze-se-vam-postavit\/","about":["Business"],"wordCount":454,"articleBody":"        Probl\u00e9my mu\u017e\u016f jsou, i kdy\u017e to v\u011bt\u0161ina lid\u00ed nev\u00ed, na stejn\u00e9 \u00farovni jako probl\u00e9my \u017een. Hodn\u011b lid\u00ed v dne\u0161n\u00ed dob\u011b vid\u00ed \u017eeny jako ty, kter\u00e9 maj\u00ed neust\u00e1le probl\u00e9my a jsou ve stresu, p\u0159\u00edpadn\u011b maj\u00ed menstruaci, a nebo \u010dekaj\u00ed d\u00edt\u011b, a tak jsou chud\u00e1ci. To je sice dob\u0159e, proto\u017ee kdysi se na tohle v\u016fbec nehled\u011blo a lid\u00e9 ne\u0159e\u0161ili to, \u017ee m\u00e1 i \u017eena n\u011bjak\u00e9 probl\u00e9my, d\u0159\u00edve se \u017eena brala jako hospodyn\u011b a b\u011bda, jestli si na n\u011bco st\u011b\u017eovala, proto\u017ee ji \u017eivil mu\u017e. Nyn\u00ed je to u\u017e trochu jinak, co\u017e je dob\u0159e, jde vid\u011bt, \u017ee se doba posunula, ale je to posunut\u00e9 trochu \u0161patn\u00fdm sm\u011brem, proto\u017ee na \u017eeny je pohl\u00ed\u017eeno jako na n\u011bkoho, kdo m\u00e1 neust\u00e1le n\u011bjak\u00e9 probl\u00e9my, co\u017e asi tak \u00fapln\u011b nen\u00ed pravda. \u017deny sice maj\u00ed probl\u00e9my, ale v\u00ed se o tom jen proto, \u017ee to \u017eeny \u0159e\u0161\u00ed s ostatn\u00edmi. \u0158\u00edkaj\u00ed to sv\u00e9mu mu\u017ei, \u0159\u00edkaj\u00ed to sv\u00fdm kamar\u00e1dk\u00e1m a podobn\u011b, tak se prost\u011b obecn\u011b v\u00ed, \u017ee \u017eeny maj\u00ed probl\u00e9my. Co se ale nev\u00ed je to, \u017ee i mu\u017ei maj\u00ed probl\u00e9my. A ono to tak je. Mu\u017ei sice nikdy p\u0159\u00edmo ne\u0159eknou, \u017ee je n\u011bco tr\u00e1p\u00ed, nebo \u017ee je n\u011bco bol\u00ed a \u017ee maj\u00ed n\u011bjak\u00fd probl\u00e9m. V\u011bt\u0161inou to zakr\u00fdvaj\u00ed, proto\u017ee se sna\u017e\u00ed b\u00fdt oni ti siln\u00ed p\u0159ed \u017eenou a u\u017e v\u016fbec to ne\u0159eknou sv\u00e9 \u017een\u011b i p\u0159esto, \u017ee je to \u010dlov\u011bk, kter\u00e9mu by m\u011bli b\u00fdt schopni \u0159\u00edct v\u0161echno.Dne\u0161n\u00ed spole\u010dnost je takto bohu\u017eel nastaven\u00e1 a je to \u0161koda, proto\u017ee kdyby se nepo\u010d\u00edtalo, \u017ee jsou mu\u017ei siln\u011bj\u0161\u00ed a \u017eeny a kdyby se na n\u011b nahl\u00ed\u017eelo stejn\u011b, tak by k tomuto nikdy nedo\u0161lo a mu\u017ei by t\u0159eba neum\u00edrali d\u0159\u00edve ne\u017e \u017eeny. Takhle to ale nen\u00ed a v\u011bt\u0161ina mu\u017e\u016f si nech\u00e1v\u00e1 probl\u00e9my pro sebe. Probl\u00e9my se daj\u00ed ale \u0159e\u0161it, a ne v\u017edy to mus\u00ed b\u00fdt nutn\u011b u doktora a br\u00e1t pr\u00e1\u0161ky. T\u0159eba takov\u00e1 erekce je v\u011bt\u0161inou dobr\u00fdm t\u00e9matem a je velmi \u010dast\u00e9, \u017ee mu\u017e trp\u00ed pr\u00e1v\u011b poruchou erekce a nechce to p\u0159iznat a ani n\u011bkomu \u0159\u00edct a u\u017e v\u016fbec nechce j\u00edt k l\u00e9ka\u0159i. D\u00e1 se to ale \u0159e\u0161it i pomoc\u00ed bylinek na erekci, proto\u017ee bylinky jsou velmi l\u00e9\u010div\u00e9 a dok\u00e1\u017e\u00ed pomoci naprosto ve v\u0161em.                                                                                                                                                                                                                                                                                                                                                                                           3.5\/5 - (6 votes)        "},{"@context":"https:\/\/schema.org\/","@type":"BreadcrumbList","itemListElement":[{"@type":"ListItem","position":1,"name":"Nem\u016f\u017ee se v\u00e1m postavit?","item":"https:\/\/www.blackle.cz\/nemuze-se-vam-postavit\/#breadcrumbitem"}]}]