[{"@context":"https:\/\/schema.org\/","@type":"Article","@id":"https:\/\/www.blackle.cz\/naskocte-na-letni-vlnu\/#Article","mainEntityOfPage":"https:\/\/www.blackle.cz\/naskocte-na-letni-vlnu\/","headline":"Nasko\u010dte na letn\u00ed vlnu!","name":"Nasko\u010dte na letn\u00ed vlnu!","description":"\u017densk\u00e1 esence Pokud si do va\u0161\u00ed sk\u0159\u00edn\u011b je\u0161t\u011b letos nena\u0161ly cestu \u017e\u00e1dn\u00e9 \u0161aty nebo sukn\u011b, tak je pr\u00e1v\u011b te\u010f nejvy\u0161\u0161\u00ed\u010c\u00edst d\u00e1le","datePublished":"2021-08-29","dateModified":"2021-08-29","author":{"@type":"Person","@id":"https:\/\/www.blackle.cz\/author\/#Person","name":"","url":"https:\/\/www.blackle.cz\/author\/","identifier":1,"image":{"@type":"ImageObject","@id":"https:\/\/secure.gravatar.com\/avatar\/774cfd57496a9f02284489749b4229073861faca9d8a66df7d65507a77c5d31f?s=96&d=mm&r=g","url":"https:\/\/secure.gravatar.com\/avatar\/774cfd57496a9f02284489749b4229073861faca9d8a66df7d65507a77c5d31f?s=96&d=mm&r=g","height":96,"width":96}},"publisher":{"@type":"Organization","name":"blackle.cz","logo":{"@type":"ImageObject","@id":"\/logo.png","url":"\/logo.png","width":600,"height":60}},"image":{"@type":"ImageObject","@id":"https:\/\/www.blackle.cz\/wp-content\/uploads\/linda-2445099_640.jpg","url":"https:\/\/www.blackle.cz\/wp-content\/uploads\/linda-2445099_640.jpg","height":0,"width":0},"url":"https:\/\/www.blackle.cz\/naskocte-na-letni-vlnu\/","about":["M\u00f3da"],"wordCount":441,"articleBody":"\u017densk\u00e1 esencePokud si do va\u0161\u00ed sk\u0159\u00edn\u011b je\u0161t\u011b letos nena\u0161ly cestu \u017e\u00e1dn\u00e9 \u0161aty nebo sukn\u011b, tak je pr\u00e1v\u011b te\u010f nejvy\u0161\u0161\u00ed \u010das! Nen\u00ed to \u017e\u00e1dn\u00e9 p\u0159ekvapen\u00ed, \u017ee \u017ehav\u00fdm letn\u00edm trendem jsou \u0161aty a sukn\u011b v\u0161ech st\u0159ih\u016f, barev i velikost\u00ed. Trendy letos vel\u00ed: \u201eNi\u010d\u00edm se neomezujte a u\u017e\u00edvejte si slunce!\u201c Tak co, d\u00e1te p\u0159ednost rozevl\u00e1t\u00fdm maxi \u0161at\u016fm nebo \u017ehav\u00e9 minisukni?K\u016f\u017ee va\u0161e i ciz\u00edTrendem pro leto\u0161n\u00ed l\u00e9to je k\u016f\u017ee. Kdy\u017e ji m\u00e1\u0161, tak ji uka\u017e! Jednozna\u010dn\u011b je letos IN cokoliv v\u00a0mini d\u00e9lce, s\u00a0pr\u016fst\u0159ihy nebo ve zkr\u00e1cen\u00e9 verzi. \u010c\u00edm v\u00edce k\u016f\u017ee vystav\u00edte slune\u010dn\u00edm paprsk\u016fm, t\u00edm l\u00e9pe. A kdy\u017e p\u0159ijdou chladn\u011bj\u0161\u00ed ve\u010dery, ko\u017een\u00e1 bunda bude tou pravou volbou do m\u011bsta i na party.Voln\u00e9 kalhotyPokud v\u00e1m nesed\u00ed ukazovat svou k\u016f\u017ei, ani se nec\u00edt\u00edte jako princezna, bude pro v\u00e1s pr\u00e1v\u011b tento letn\u00ed trend t\u00edm prav\u00fdm. Pro v\u0161echny vyznava\u010dky pohodl\u00ed, elegance a prakti\u010dnosti jsou tu voln\u00e9 kalhoty. Mo\u017enosti kombinac\u00ed jsou nekone\u010dn\u00e9 a kdy\u017e si vyberete ten prav\u00e1 letn\u00ed materi\u00e1l, jako je t\u0159eba len nebo mu\u0161el\u00edn, budete si l\u00e9to u\u017e\u00edvat.Do pr\u00e1ce v\u00a0kost\u00fdmkuI v\u00a0pr\u00e1ci se m\u016f\u017eete vyladit podle trend\u016f. Dal\u0161\u00edm letn\u00edm hitem jsou lehk\u00e9 a barevn\u00e9 kost\u00fdmky. Sako s\u00a0t\u0159\u00ed\u010dtvrte\u010dn\u00edm ruk\u00e1vem v\u00e1s uchr\u00e1n\u00ed p\u0159ed studen\u00fdmi prsty klimatizace a spodn\u00ed d\u00edl vyberete podle aktu\u00e1ln\u00ed n\u00e1lady. M\u016f\u017eete obl\u00e9ct dlouh\u00e9 kalhoty nebo jejich zkr\u00e1cenou verzi, sukni i kra\u0165asy. Variant form\u00e1ln\u00edch letn\u00edch kost\u00fdmk\u016f je nespo\u010det. Tak si vyberte ten prav\u00e1 pro sebe.Jako popelkaA co na nohy? Chodit bosky po rozp\u00e1len\u00e9 m\u011bstsk\u00e9 dla\u017eb\u011b ur\u010dit\u011b nechcete. Boty by samoz\u0159ejm\u011b m\u011bly ladit ke zbytku va\u0161eho outfitu, o tom nen\u00ed pochyb. A jestli se i p\u0159i obouv\u00e1n\u00ed chcete dr\u017eet posledn\u00edch trend\u016f, tak zcela jist\u011b ne\u0161l\u00e1pnete vedle se zlatou barvou a t\u0159pytiv\u00fdmi kam\u00ednky. N\u00e1dech luxusu a hravosti k\u00a0l\u00e9tu prost\u011b pat\u0159\u00ed. M\u016f\u017eete zvolit jemn\u00e9 v\u00edl\u00ed sand\u00e1lky, nebo silnou platformu, decentn\u00ed tvar nebo ostrou \u0161pi\u010dku, to v\u0161e je letos dovoleno.Letn\u00ed m\u00f3da je p\u0159edev\u0161\u00edm hrav\u00e1 a svobodn\u00e1, tak si ud\u011blejte radost nov\u00fdm trend kouskem do va\u0161eho \u0161atn\u00edk\u016f a za\u010dn\u011bte si u\u017e\u00edvat.                                                                                                                                                                                                                                                                                                                                                                                                "},{"@context":"https:\/\/schema.org\/","@type":"BreadcrumbList","itemListElement":[{"@type":"ListItem","position":1,"name":"Nasko\u010dte na letn\u00ed vlnu!","item":"https:\/\/www.blackle.cz\/naskocte-na-letni-vlnu\/#breadcrumbitem"}]}]