{"@context":"https:\/\/schema.org\/","@type":"CollectionPage","@id":"https:\/\/www.blackle.cz\/moda\/#CollectionPage","headline":"M\u00f3da Category","description":"","url":"https:\/\/www.blackle.cz\/moda\/","hasPart":[{"@type":"Article","@id":"https:\/\/www.blackle.cz\/popelka-by-se-nestacila-divit\/","headline":"Popelka by se nesta\u010dila divit","url":"https:\/\/www.blackle.cz\/popelka-by-se-nestacila-divit\/","datePublished":"2023-05-06","dateModified":"2023-05-06","mainEntityOfPage":"https:\/\/www.blackle.cz\/popelka-by-se-nestacila-divit\/","author":{"@type":"Person","@id":"https:\/\/www.blackle.cz\/author\/#Person","name":"","url":"https:\/\/www.blackle.cz\/author\/","identifier":1,"image":{"@type":"ImageObject","@id":"https:\/\/secure.gravatar.com\/avatar\/774cfd57496a9f02284489749b4229073861faca9d8a66df7d65507a77c5d31f?s=96&d=mm&r=g","url":"https:\/\/secure.gravatar.com\/avatar\/774cfd57496a9f02284489749b4229073861faca9d8a66df7d65507a77c5d31f?s=96&d=mm&r=g","height":96,"width":96}},"publisher":{"@type":"Organization","name":"blackle.cz","logo":{"@type":"ImageObject","@id":"\/logo.png","url":"\/logo.png","width":600,"height":60}},"image":{"@type":"ImageObject","@id":"https:\/\/www.blackle.cz\/wp-content\/uploads\/img_a328418_w2608_t1540717262.jpg","url":"https:\/\/www.blackle.cz\/wp-content\/uploads\/img_a328418_w2608_t1540717262.jpg","height":0,"width":0},"keywords":null},{"@type":"Article","@id":"https:\/\/www.blackle.cz\/krasna-moda\/","headline":"Kr\u00e1sn\u00e1 m\u00f3da","url":"https:\/\/www.blackle.cz\/krasna-moda\/","datePublished":"2022-11-22","dateModified":"2022-11-22","mainEntityOfPage":"https:\/\/www.blackle.cz\/krasna-moda\/","author":{"@type":"Person","@id":"https:\/\/www.blackle.cz\/author\/#Person","name":"","url":"https:\/\/www.blackle.cz\/author\/","identifier":1,"image":{"@type":"ImageObject","@id":"https:\/\/secure.gravatar.com\/avatar\/774cfd57496a9f02284489749b4229073861faca9d8a66df7d65507a77c5d31f?s=96&d=mm&r=g","url":"https:\/\/secure.gravatar.com\/avatar\/774cfd57496a9f02284489749b4229073861faca9d8a66df7d65507a77c5d31f?s=96&d=mm&r=g","height":96,"width":96}},"publisher":{"@type":"Organization","name":"blackle.cz","logo":{"@type":"ImageObject","@id":"\/logo.png","url":"\/logo.png","width":600,"height":60}},"image":{"@type":"ImageObject","@id":"https:\/\/www.blackle.cz\/wp-content\/uploads\/apparel-1850804_1280.jpg","url":"https:\/\/www.blackle.cz\/wp-content\/uploads\/apparel-1850804_1280.jpg","height":0,"width":0},"keywords":null},{"@type":"Article","@id":"https:\/\/www.blackle.cz\/naskocte-na-letni-vlnu\/","headline":"Nasko\u010dte na letn\u00ed vlnu!","url":"https:\/\/www.blackle.cz\/naskocte-na-letni-vlnu\/","datePublished":"2021-08-29","dateModified":"2021-08-29","mainEntityOfPage":"https:\/\/www.blackle.cz\/naskocte-na-letni-vlnu\/","author":{"@type":"Person","@id":"https:\/\/www.blackle.cz\/author\/#Person","name":"","url":"https:\/\/www.blackle.cz\/author\/","identifier":1,"image":{"@type":"ImageObject","@id":"https:\/\/secure.gravatar.com\/avatar\/774cfd57496a9f02284489749b4229073861faca9d8a66df7d65507a77c5d31f?s=96&d=mm&r=g","url":"https:\/\/secure.gravatar.com\/avatar\/774cfd57496a9f02284489749b4229073861faca9d8a66df7d65507a77c5d31f?s=96&d=mm&r=g","height":96,"width":96}},"publisher":{"@type":"Organization","name":"blackle.cz","logo":{"@type":"ImageObject","@id":"\/logo.png","url":"\/logo.png","width":600,"height":60}},"image":{"@type":"ImageObject","@id":"https:\/\/www.blackle.cz\/wp-content\/uploads\/linda-2445099_640.jpg","url":"https:\/\/www.blackle.cz\/wp-content\/uploads\/linda-2445099_640.jpg","height":0,"width":0},"keywords":null},{"@type":"Article","@id":"https:\/\/www.blackle.cz\/kabaty-jarni-sezony-2020\/","headline":"Kab\u00e1ty jarn\u00ed sezony 2020","url":"https:\/\/www.blackle.cz\/kabaty-jarni-sezony-2020\/","datePublished":"2020-02-22","dateModified":"2023-05-06","mainEntityOfPage":"https:\/\/www.blackle.cz\/kabaty-jarni-sezony-2020\/","author":{"@type":"Person","@id":"https:\/\/www.blackle.cz\/author\/#Person","name":"","url":"https:\/\/www.blackle.cz\/author\/","identifier":1,"image":{"@type":"ImageObject","@id":"https:\/\/secure.gravatar.com\/avatar\/774cfd57496a9f02284489749b4229073861faca9d8a66df7d65507a77c5d31f?s=96&d=mm&r=g","url":"https:\/\/secure.gravatar.com\/avatar\/774cfd57496a9f02284489749b4229073861faca9d8a66df7d65507a77c5d31f?s=96&d=mm&r=g","height":96,"width":96}},"publisher":{"@type":"Organization","name":"blackle.cz","logo":{"@type":"ImageObject","@id":"\/logo.png","url":"\/logo.png","width":600,"height":60}},"image":{"@type":"ImageObject","@id":"https:\/\/www.blackle.cz\/wp-content\/uploads\/img_a370280_w4233_t1582027774.jpg","url":"https:\/\/www.blackle.cz\/wp-content\/uploads\/img_a370280_w4233_t1582027774.jpg","height":0,"width":0},"keywords":null},{"@type":"Article","@id":"https:\/\/www.blackle.cz\/pohodli-na-prvnim-miste\/","headline":"Pohodl\u00ed na prvn\u00edm m\u00edst\u011b","url":"https:\/\/www.blackle.cz\/pohodli-na-prvnim-miste\/","datePublished":"2019-06-12","dateModified":"2023-05-06","mainEntityOfPage":"https:\/\/www.blackle.cz\/pohodli-na-prvnim-miste\/","author":{"@type":"Person","@id":"https:\/\/www.blackle.cz\/author\/#Person","name":"","url":"https:\/\/www.blackle.cz\/author\/","identifier":1,"image":{"@type":"ImageObject","@id":"https:\/\/secure.gravatar.com\/avatar\/774cfd57496a9f02284489749b4229073861faca9d8a66df7d65507a77c5d31f?s=96&d=mm&r=g","url":"https:\/\/secure.gravatar.com\/avatar\/774cfd57496a9f02284489749b4229073861faca9d8a66df7d65507a77c5d31f?s=96&d=mm&r=g","height":96,"width":96}},"publisher":{"@type":"Organization","name":"blackle.cz","logo":{"@type":"ImageObject","@id":"\/logo.png","url":"\/logo.png","width":600,"height":60}},"image":{"@type":"ImageObject","@id":"https:\/\/www.blackle.cz\/wp-content\/uploads\/img_a348816_w2608_t1563648724.jpg","url":"https:\/\/www.blackle.cz\/wp-content\/uploads\/img_a348816_w2608_t1563648724.jpg","height":0,"width":0},"keywords":null},{"@type":"Article","@id":"https:\/\/www.blackle.cz\/aby-starla-pomaleji\/","headline":"Aby st\u00e1rla pomaleji","url":"https:\/\/www.blackle.cz\/aby-starla-pomaleji\/","datePublished":"2018-09-10","dateModified":"2023-05-06","mainEntityOfPage":"https:\/\/www.blackle.cz\/aby-starla-pomaleji\/","author":{"@type":"Person","@id":"https:\/\/www.blackle.cz\/author\/#Person","name":"","url":"https:\/\/www.blackle.cz\/author\/","identifier":1,"image":{"@type":"ImageObject","@id":"https:\/\/secure.gravatar.com\/avatar\/774cfd57496a9f02284489749b4229073861faca9d8a66df7d65507a77c5d31f?s=96&d=mm&r=g","url":"https:\/\/secure.gravatar.com\/avatar\/774cfd57496a9f02284489749b4229073861faca9d8a66df7d65507a77c5d31f?s=96&d=mm&r=g","height":96,"width":96}},"publisher":{"@type":"Organization","name":"blackle.cz","logo":{"@type":"ImageObject","@id":"\/logo.png","url":"\/logo.png","width":600,"height":60}},"image":{"@type":"ImageObject","@id":"https:\/\/www.blackle.cz\/wp-content\/uploads\/img_a325585_w2608_t1537519711.jpg","url":"https:\/\/www.blackle.cz\/wp-content\/uploads\/img_a325585_w2608_t1537519711.jpg","height":0,"width":0},"keywords":null}]}