[{"@context":"https:\/\/schema.org\/","@type":"Article","@id":"https:\/\/www.blackle.cz\/mame-novou-kuchyn\/#Article","mainEntityOfPage":"https:\/\/www.blackle.cz\/mame-novou-kuchyn\/","headline":"M\u00e1me novou kuchy\u0148","name":"M\u00e1me novou kuchy\u0148","description":"Kdy\u017e si lid\u00e9 po\u0159izuj\u00ed ve sv\u00e9m byt\u011b novou lo\u017enici a cht\u011bj\u00ed se pochlubit sv\u00fdm bl\u00edzk\u00fdm, pak jim nechaj\u00ed do t\u011bchto\u010c\u00edst d\u00e1le","datePublished":"2025-02-11","dateModified":"2025-02-11","author":{"@type":"Person","@id":"https:\/\/www.blackle.cz\/author\/#Person","name":"","url":"https:\/\/www.blackle.cz\/author\/","identifier":1,"image":{"@type":"ImageObject","@id":"https:\/\/secure.gravatar.com\/avatar\/774cfd57496a9f02284489749b4229073861faca9d8a66df7d65507a77c5d31f?s=96&d=mm&r=g","url":"https:\/\/secure.gravatar.com\/avatar\/774cfd57496a9f02284489749b4229073861faca9d8a66df7d65507a77c5d31f?s=96&d=mm&r=g","height":96,"width":96}},"publisher":{"@type":"Organization","name":"blackle.cz","logo":{"@type":"ImageObject","@id":"\/logo.png","url":"\/logo.png","width":600,"height":60}},"image":{"@type":"ImageObject","@id":"https:\/\/www.blackle.cz\/wp-content\/uploads\/kitchen-8323913_640_1.jpg","url":"https:\/\/www.blackle.cz\/wp-content\/uploads\/kitchen-8323913_640_1.jpg","height":0,"width":0},"url":"https:\/\/www.blackle.cz\/mame-novou-kuchyn\/","about":["N\u00e1kupy"],"wordCount":426,"articleBody":"       Kdy\u017e si lid\u00e9 po\u0159izuj\u00ed ve sv\u00e9m byt\u011b novou lo\u017enici a cht\u011bj\u00ed se pochlubit sv\u00fdm bl\u00edzk\u00fdm, pak jim nechaj\u00ed do t\u011bchto prostor kr\u00e1tce nahl\u00e9dnout, p\u0159\u00edpadn\u011b osahat a prohl\u00e9dnout zbl\u00edzka n\u00e1bytek \u010di podlahovou krytinu, a t\u00edm to kon\u010d\u00ed. D\u00e1le se n\u00e1v\u0161t\u011bva p\u0159esune do ob\u00fdvac\u00edho pokoje a p\u0159\u00e1telsk\u00e9 setk\u00e1n\u00ed pokra\u010duje standardn\u00edm zp\u016fsobem konzumac\u00ed ob\u010derstven\u00ed \u010di kl\u00e1bosen\u00edm. M\u00e1te-li ov\u0161em novou kuchyni z Prahy sten-skrine.cz, b\u00fdv\u00e1 to vhodn\u00e1 p\u0159\u00edle\u017eitost p\u0159em\u00edstit d\u011bn\u00ed samotn\u00e9 n\u00e1v\u0161t\u011bvy pr\u00e1v\u011b sem. Na j\u00eddeln\u00ed st\u016fl se polo\u017e\u00ed m\u00edsa s oblo\u017een\u00fdmi chleb\u00ed\u010dky a sladk\u00fdmi z\u00e1kusky, va\u0161i host\u00e9 se mezit\u00edm posad\u00ed na j\u00eddeln\u00ed \u017eidle a vy\u010dk\u00e1vaj\u00ed, a\u017e se za\u010dne va\u0159it voda na k\u00e1vu, anebo v\u00e1m s p\u0159\u00edpravou n\u00e1poj\u016f pom\u00e1haj\u00ed.Kuchyn\u011b je toti\u017e prostor, kter\u00fd lze vyu\u017e\u00edt jako pracovi\u0161t\u011b i jako prost\u0159ed\u00ed pro posezen\u00ed. Pr\u00e1v\u011b proto se vypl\u00e1c\u00ed v\u011bnovat pozornost zhotoven\u00ed kuchyn\u011b na m\u00edru a m\u011bli bychom kuchyni vn\u00edmat jako n\u011bco v\u00edc, v porovn\u00e1n\u00ed s jin\u00fdmi m\u00edstnostmi v dom\u011b, v kuchyni se daj\u00ed u j\u00eddeln\u00edho stolu rozeb\u00edrat rodinn\u00e9 z\u00e1le\u017eitosti, pl\u00e1novat dovolen\u00e1 nad rozlo\u017eenou pap\u00edrovou mapou, rozm\u00fd\u0161let nad podnik\u00e1n\u00edm nebo nov\u00fdm zam\u011bstn\u00e1n\u00edm, \u0159e\u0161it svatby, oslavy narozenin, promoce a dal\u0161\u00ed oslavy v rodinn\u00e9m kruhu a m\u016f\u017eete si do kuchyn\u011b pozvat i va\u0161e spolu\u017e\u00e1ky nebo kolegy ze zam\u011bstn\u00e1n\u00ed a prob\u00edrat spole\u010dn\u011b va\u0161e sm\u011bl\u00e9 pl\u00e1ny.Jestli\u017ee se nyn\u00ed zam\u011b\u0159\u00edme na zhotoven\u00ed nov\u00e9 kuchyn\u011b, m\u011bli bychom m\u00edt jasno v tom, jakou j\u00ed vtisknout podobu, zda to bude modern\u00ed n\u00e1bytek s \u010dist\u00fdmi rovn\u00fdmi liniemi bez madel a \u00fachytek, anebo d\u00e1me p\u0159ednost designov\u00e9mu \u0159e\u0161en\u00ed, p\u0159\u00edpadn\u011b stylov\u00e9mu rustik\u00e1lu, pokud v\u00e1s oslovuje historie a selsk\u00e9 prostory star\u00fdch stodol a j\u00eddelen s v\u00e1pennou om\u00edtkou. V rozhodov\u00e1n\u00ed, jak\u00e9 volb\u011b d\u00e1t p\u0159ednost, v\u00e1m mohou napom\u00e1hat pracovn\u00edci kuchy\u0148sk\u00e9ho studia, kte\u0159\u00ed navrhnou a p\u0159edlo\u017e\u00ed v\u00edce mo\u017enost\u00ed v\u010detn\u011b fotografi\u00ed ji\u017e realizovan\u00fdch projekt\u016f, abyste m\u011bli p\u0159esn\u011bj\u0161\u00ed p\u0159edstavu, co od toho m\u016f\u017eete o\u010dek\u00e1vat.                                                                                                                                                                                                                                                                                                                                                                                          4.5\/5 - (11 votes)        "},{"@context":"https:\/\/schema.org\/","@type":"BreadcrumbList","itemListElement":[{"@type":"ListItem","position":1,"name":"M\u00e1me novou kuchy\u0148","item":"https:\/\/www.blackle.cz\/mame-novou-kuchyn\/#breadcrumbitem"}]}]