[{"@context":"https:\/\/schema.org\/","@type":"Article","@id":"https:\/\/www.blackle.cz\/kabaty-jarni-sezony-2020\/#Article","mainEntityOfPage":"https:\/\/www.blackle.cz\/kabaty-jarni-sezony-2020\/","headline":"Kab\u00e1ty jarn\u00ed sezony 2020","name":"Kab\u00e1ty jarn\u00ed sezony 2020","description":"Uberte barvy Milovnice minimalismu j\u00e1sejte! Tohle jaro bude ve va\u0161em stylu. St\u0159ihy i barvy jsou \u010dist\u00fd minimalismus. Za\u0159a\u010fte neutr\u00e1l Je\u010c\u00edst d\u00e1le","datePublished":"2020-02-22","dateModified":"2023-05-06","author":{"@type":"Person","@id":"https:\/\/www.blackle.cz\/author\/#Person","name":"","url":"https:\/\/www.blackle.cz\/author\/","identifier":1,"image":{"@type":"ImageObject","@id":"https:\/\/secure.gravatar.com\/avatar\/774cfd57496a9f02284489749b4229073861faca9d8a66df7d65507a77c5d31f?s=96&d=mm&r=g","url":"https:\/\/secure.gravatar.com\/avatar\/774cfd57496a9f02284489749b4229073861faca9d8a66df7d65507a77c5d31f?s=96&d=mm&r=g","height":96,"width":96}},"publisher":{"@type":"Organization","name":"blackle.cz","logo":{"@type":"ImageObject","@id":"\/logo.png","url":"\/logo.png","width":600,"height":60}},"image":{"@type":"ImageObject","@id":"https:\/\/www.blackle.cz\/wp-content\/uploads\/img_a370280_w4233_t1582027774.jpg","url":"https:\/\/www.blackle.cz\/wp-content\/uploads\/img_a370280_w4233_t1582027774.jpg","height":0,"width":0},"url":"https:\/\/www.blackle.cz\/kabaty-jarni-sezony-2020\/","about":["M\u00f3da"],"wordCount":397,"articleBody":"\tUberte barvy \tMilovnice minimalismu j\u00e1sejte! Tohle jaro bude ve va\u0161em stylu. St\u0159ihy i barvy jsou \u010dist\u00fd minimalismus.\tZa\u0159a\u010fte neutr\u00e1l\tJe tady b\u00e9\u017eov\u00e1, \u010dern\u00e1 a b\u00edl\u00e1, \u0161ed\u00e1. Maxim\u00e1ln\u011b je povolen\u00e1 barva zelen\u00e1. St\u0159ihy budou rovn\u011b\u017e ve znamen\u00ed minimalismu. Knofl\u00edky na nich ov\u0161em nehledejte, anebo maxim\u00e1ln\u011b dva t\u0159i na konc\u00edch ruk\u00e1v\u016f. Vl\u00e1dne \u017eupanov\u00fd styl kab\u00e1t\u016f. Jsou voln\u00e9, p\u0159ep\u00e1san\u00e9 jen p\u00e1skem.\u00a0 Anebo \u00fapln\u011b bez p\u00e1sku. Klopy voln\u011b spl\u00fdvaj\u00ed, d\u00e9lka kab\u00e1t\u016f kon\u010d\u00ed u kolen.\t\tI \u0161elmy se do\u010dkaly\t\u0158\u00edk\u00e1te si, \u017ee minimalismus nen\u00ed nic pro v\u00e1s a \u010dekali jste leto\u0161n\u00ed jaro taky n\u011bjak\u00e9 vzory nebo barvy? Vzory ano, a dokonce ze sv\u011bta divo\u010diny. Hra vzor\u016f na kab\u00e1tech v\u00e1m p\u0159ipomene \u0161elmy africk\u00e9 savany \u2013 leopardy.\tPleten\u00e9 kab\u00e1tky\tDlouh\u00e9 kardigany jsou rovn\u011b\u017e bez p\u00e1sku a jejich d\u00e9lka sah\u00e1 a\u017e do p\u016fli l\u00fdtek. Na ja\u0159e ov\u0161em pro milovnice klasiky nesm\u00ed chyb\u011bt tren\u010dkoty.\tA co bundy?\tU bund je leto\u0161n\u00ed jaro \u0161ir\u0161\u00ed z\u00e1b\u011br, co se t\u00fd\u010de barev i st\u0159ih\u016f.\tTady je krom\u011b barev charakteristick\u00fdch pro minimalismus povolena kostka a jemn\u00e9 pastelov\u00e9 t\u00f3ny. \u00a0\u00a0Z\u00a0materi\u00e1l\u016f se na bund\u00e1ch objevuje neopren, d\u017e\u00ednovina hlavn\u011b v\u00a0\u010dern\u00e9 barv\u011b sepran\u00e9ho vzhledu, imitace semi\u0161e, man\u0161estr. St\u0159ih\u016fm dominuj\u00ed nab\u00edran\u00e9 ruk\u00e1vy, \u010dast\u00e9 pou\u017eit\u00ed zip\u016f. Novinkou leto\u0161n\u00edho jara je \u010dast\u00e9 pou\u017eit\u00e9 ko\u017eenky na v\u0161ech \u010d\u00e1stech od\u011bv\u016f, po\u010d\u00ednaje halenkami, ko\u0161ilemi, sukn\u011bmi a kon\u010de svrchn\u00edmi \u010d\u00e1stmi oble\u010den\u00ed \u2013 bundami, kab\u00e1tky. Ko\u017eenkov\u00e1 m\u016f\u017ee b\u00fdt leto\u0161n\u00ed jaro bu\u010f cel\u00e1 bunda, nebo jen jej\u00ed \u010d\u00e1sti. Bundy z\u00a0tohoto materi\u00e1lu maj\u00ed d\u00e9lku v\u00a0p\u016flce stehen anebo jsou cropp st\u0159ihu.\t\tN\u00e1vrat do minulosti\tPro bundy nadch\u00e1zej\u00edc\u00ed sezony spring 2020 jsou charakteristick\u00e9 velk\u00e9 nakl\u00e1dan\u00e9 kapsy s\u00a0knofl\u00edky nebo druky, evokuj\u00edc\u00ed osmdes\u00e1t\u00e1 l\u00e9ta. N\u011bkter\u00e9 z\u00a0nich p\u0159ipom\u00ednaj\u00ed sv\u00fdm vzhledem flanelov\u00e9 ko\u0161ile, ale na rozd\u00edl od nich jsou u\u0161it\u00e9 z\u00a0teplej\u0161\u00edch materi\u00e1l\u016f a jsou opat\u0159eny pod\u0161\u00edvkou.\u00a0 Rockov\u00fd styl jarn\u00edch bund zastupuj\u00ed motork\u00e1\u0159sk\u00e9 bundy, ty z\u016fst\u00e1vaj\u00ed ale st\u00e1le \u010dern\u00e9. \u00a0\u00a0\u00a0\u00a0                                                                                                                                                                                                                                                                                                                                                                                        3.8\/5 - (10 votes)        "},{"@context":"https:\/\/schema.org\/","@type":"BreadcrumbList","itemListElement":[{"@type":"ListItem","position":1,"name":"Kab\u00e1ty jarn\u00ed sezony 2020","item":"https:\/\/www.blackle.cz\/kabaty-jarni-sezony-2020\/#breadcrumbitem"}]}]