{"@context":"https:\/\/schema.org\/","@type":"CollectionPage","@id":"https:\/\/www.blackle.cz\/business\/#CollectionPage","headline":"Business Category","description":"","url":"https:\/\/www.blackle.cz\/business\/","hasPart":[{"@type":"Article","@id":"https:\/\/www.blackle.cz\/zubar-liberec\/","headline":"Zuba\u0159 Liberec","url":"https:\/\/www.blackle.cz\/zubar-liberec\/","datePublished":"2021-06-11","dateModified":"2023-05-06","mainEntityOfPage":"https:\/\/www.blackle.cz\/zubar-liberec\/","author":{"@type":"Person","@id":"https:\/\/www.blackle.cz\/author\/#Person","name":"","url":"https:\/\/www.blackle.cz\/author\/","identifier":1,"image":{"@type":"ImageObject","@id":"https:\/\/secure.gravatar.com\/avatar\/774cfd57496a9f02284489749b4229073861faca9d8a66df7d65507a77c5d31f?s=96&d=mm&r=g","url":"https:\/\/secure.gravatar.com\/avatar\/774cfd57496a9f02284489749b4229073861faca9d8a66df7d65507a77c5d31f?s=96&d=mm&r=g","height":96,"width":96}},"publisher":{"@type":"Organization","name":"blackle.cz","logo":{"@type":"ImageObject","@id":"\/logo.png","url":"\/logo.png","width":600,"height":60}},"image":{"@type":"ImageObject","@id":"https:\/\/www.blackle.cz\/wp-content\/uploads\/Zuba%C5%99%20(5).jpg","url":"https:\/\/www.blackle.cz\/wp-content\/uploads\/Zuba%C5%99%20(5).jpg","height":0,"width":0},"keywords":null},{"@type":"Article","@id":"https:\/\/www.blackle.cz\/nenechte-se-osidit\/","headline":"Nenechte se o\u0161idit","url":"https:\/\/www.blackle.cz\/nenechte-se-osidit\/","datePublished":"2021-06-04","dateModified":"2024-06-05","mainEntityOfPage":"https:\/\/www.blackle.cz\/nenechte-se-osidit\/","author":{"@type":"Person","@id":"https:\/\/www.blackle.cz\/author\/#Person","name":"","url":"https:\/\/www.blackle.cz\/author\/","identifier":1,"image":{"@type":"ImageObject","@id":"https:\/\/secure.gravatar.com\/avatar\/774cfd57496a9f02284489749b4229073861faca9d8a66df7d65507a77c5d31f?s=96&d=mm&r=g","url":"https:\/\/secure.gravatar.com\/avatar\/774cfd57496a9f02284489749b4229073861faca9d8a66df7d65507a77c5d31f?s=96&d=mm&r=g","height":96,"width":96}},"publisher":{"@type":"Organization","name":"blackle.cz","logo":{"@type":"ImageObject","@id":"\/logo.png","url":"\/logo.png","width":600,"height":60}},"image":{"@type":"ImageObject","@id":"https:\/\/www.blackle.cz\/wp-content\/uploads\/rozbit%C3%A9%20sklo.jpg","url":"https:\/\/www.blackle.cz\/wp-content\/uploads\/rozbit%C3%A9%20sklo.jpg","height":0,"width":0},"keywords":null},{"@type":"Article","@id":"https:\/\/www.blackle.cz\/grafika-ostrava\/","headline":"Grafika Ostrava","url":"https:\/\/www.blackle.cz\/grafika-ostrava\/","datePublished":"2021-03-19","dateModified":"2023-05-06","mainEntityOfPage":"https:\/\/www.blackle.cz\/grafika-ostrava\/","author":{"@type":"Person","@id":"https:\/\/www.blackle.cz\/author\/#Person","name":"","url":"https:\/\/www.blackle.cz\/author\/","identifier":1,"image":{"@type":"ImageObject","@id":"https:\/\/secure.gravatar.com\/avatar\/774cfd57496a9f02284489749b4229073861faca9d8a66df7d65507a77c5d31f?s=96&d=mm&r=g","url":"https:\/\/secure.gravatar.com\/avatar\/774cfd57496a9f02284489749b4229073861faca9d8a66df7d65507a77c5d31f?s=96&d=mm&r=g","height":96,"width":96}},"publisher":{"@type":"Organization","name":"blackle.cz","logo":{"@type":"ImageObject","@id":"\/logo.png","url":"\/logo.png","width":600,"height":60}},"image":{"@type":"ImageObject","@id":"https:\/\/www.blackle.cz\/wp-content\/uploads\/%C5%BEena%20a%20pozn%C3%A1mky.PNG","url":"https:\/\/www.blackle.cz\/wp-content\/uploads\/%C5%BEena%20a%20pozn%C3%A1mky.PNG","height":0,"width":0},"keywords":null},{"@type":"Article","@id":"https:\/\/www.blackle.cz\/jake-vyhody-ma-detsky-xylofon-oproti-jinym-nastrojum\/","headline":"Jak\u00e9 v\u00fdhody m\u00e1 d\u011btsk\u00fd xylofon oproti jin\u00fdm n\u00e1stroj\u016fm","url":"https:\/\/www.blackle.cz\/jake-vyhody-ma-detsky-xylofon-oproti-jinym-nastrojum\/","datePublished":"2020-06-22","dateModified":"2023-05-06","mainEntityOfPage":"https:\/\/www.blackle.cz\/jake-vyhody-ma-detsky-xylofon-oproti-jinym-nastrojum\/","author":{"@type":"Person","@id":"https:\/\/www.blackle.cz\/author\/#Person","name":"","url":"https:\/\/www.blackle.cz\/author\/","identifier":1,"image":{"@type":"ImageObject","@id":"https:\/\/secure.gravatar.com\/avatar\/774cfd57496a9f02284489749b4229073861faca9d8a66df7d65507a77c5d31f?s=96&d=mm&r=g","url":"https:\/\/secure.gravatar.com\/avatar\/774cfd57496a9f02284489749b4229073861faca9d8a66df7d65507a77c5d31f?s=96&d=mm&r=g","height":96,"width":96}},"publisher":{"@type":"Organization","name":"blackle.cz","logo":{"@type":"ImageObject","@id":"\/logo.png","url":"\/logo.png","width":600,"height":60}},"image":{"@type":"ImageObject","@id":"https:\/\/www.blackle.cz\/wp-content\/uploads\/xylofon1.png","url":"https:\/\/www.blackle.cz\/wp-content\/uploads\/xylofon1.png","height":0,"width":0},"keywords":null},{"@type":"Article","@id":"https:\/\/www.blackle.cz\/vliv-kilogramu-a-velikosti-obleceni-na-nase-zivoty\/","headline":"Vliv kilogram\u016f a velikost\u00ed oble\u010den\u00ed na na\u0161e \u017eivoty","url":"https:\/\/www.blackle.cz\/vliv-kilogramu-a-velikosti-obleceni-na-nase-zivoty\/","datePublished":"2020-06-20","dateModified":"2023-05-06","mainEntityOfPage":"https:\/\/www.blackle.cz\/vliv-kilogramu-a-velikosti-obleceni-na-nase-zivoty\/","author":{"@type":"Person","@id":"https:\/\/www.blackle.cz\/author\/#Person","name":"","url":"https:\/\/www.blackle.cz\/author\/","identifier":1,"image":{"@type":"ImageObject","@id":"https:\/\/secure.gravatar.com\/avatar\/774cfd57496a9f02284489749b4229073861faca9d8a66df7d65507a77c5d31f?s=96&d=mm&r=g","url":"https:\/\/secure.gravatar.com\/avatar\/774cfd57496a9f02284489749b4229073861faca9d8a66df7d65507a77c5d31f?s=96&d=mm&r=g","height":96,"width":96}},"publisher":{"@type":"Organization","name":"blackle.cz","logo":{"@type":"ImageObject","@id":"\/logo.png","url":"\/logo.png","width":600,"height":60}},"image":{"@type":"ImageObject","@id":"https:\/\/www.blackle.cz\/wp-content\/uploads\/v%C3%A1ha%20a%20metr_1.jpeg","url":"https:\/\/www.blackle.cz\/wp-content\/uploads\/v%C3%A1ha%20a%20metr_1.jpeg","height":0,"width":0},"keywords":null},{"@type":"Article","@id":"https:\/\/www.blackle.cz\/pujcovna-velkych-a-malych-dodavek-praha\/","headline":"P\u016fj\u010dovna velk\u00fdch a mal\u00fdch dod\u00e1vek Praha","url":"https:\/\/www.blackle.cz\/pujcovna-velkych-a-malych-dodavek-praha\/","datePublished":"2020-05-10","dateModified":"2023-11-29","mainEntityOfPage":"https:\/\/www.blackle.cz\/pujcovna-velkych-a-malych-dodavek-praha\/","author":{"@type":"Person","@id":"https:\/\/www.blackle.cz\/author\/#Person","name":"","url":"https:\/\/www.blackle.cz\/author\/","identifier":1,"image":{"@type":"ImageObject","@id":"https:\/\/secure.gravatar.com\/avatar\/774cfd57496a9f02284489749b4229073861faca9d8a66df7d65507a77c5d31f?s=96&d=mm&r=g","url":"https:\/\/secure.gravatar.com\/avatar\/774cfd57496a9f02284489749b4229073861faca9d8a66df7d65507a77c5d31f?s=96&d=mm&r=g","height":96,"width":96}},"publisher":{"@type":"Organization","name":"blackle.cz","logo":{"@type":"ImageObject","@id":"\/logo.png","url":"\/logo.png","width":600,"height":60}},"image":{"@type":"ImageObject","@id":"https:\/\/www.blackle.cz\/wp-content\/uploads\/star%C5%A1%C3%AD%20v%C5%AFz.png","url":"https:\/\/www.blackle.cz\/wp-content\/uploads\/star%C5%A1%C3%AD%20v%C5%AFz.png","height":0,"width":0},"keywords":null},{"@type":"Article","@id":"https:\/\/www.blackle.cz\/jak-se-zacit-tesit-na-pondeli\/","headline":"Jak se za\u010d\u00edt t\u011b\u0161it na pond\u011bl\u00ed","url":"https:\/\/www.blackle.cz\/jak-se-zacit-tesit-na-pondeli\/","datePublished":"2019-07-22","dateModified":"2023-05-06","mainEntityOfPage":"https:\/\/www.blackle.cz\/jak-se-zacit-tesit-na-pondeli\/","author":{"@type":"Person","@id":"https:\/\/www.blackle.cz\/author\/#Person","name":"","url":"https:\/\/www.blackle.cz\/author\/","identifier":1,"image":{"@type":"ImageObject","@id":"https:\/\/secure.gravatar.com\/avatar\/774cfd57496a9f02284489749b4229073861faca9d8a66df7d65507a77c5d31f?s=96&d=mm&r=g","url":"https:\/\/secure.gravatar.com\/avatar\/774cfd57496a9f02284489749b4229073861faca9d8a66df7d65507a77c5d31f?s=96&d=mm&r=g","height":96,"width":96}},"publisher":{"@type":"Organization","name":"blackle.cz","logo":{"@type":"ImageObject","@id":"\/logo.png","url":"\/logo.png","width":600,"height":60}},"image":{"@type":"ImageObject","@id":"https:\/\/www.blackle.cz\/wp-content\/uploads\/img_a349823_w2608_t1564849276.jpg","url":"https:\/\/www.blackle.cz\/wp-content\/uploads\/img_a349823_w2608_t1564849276.jpg","height":0,"width":0},"keywords":null},{"@type":"Article","@id":"https:\/\/www.blackle.cz\/jako-v-hernim-svete-jen-u-nas-je-to-nazivo\/","headline":"Jako v hern\u00edm sv\u011bt\u011b, jen u n\u00e1s je to na\u017eivo!","url":"https:\/\/www.blackle.cz\/jako-v-hernim-svete-jen-u-nas-je-to-nazivo\/","datePublished":"2018-05-21","dateModified":"2023-09-01","mainEntityOfPage":"https:\/\/www.blackle.cz\/jako-v-hernim-svete-jen-u-nas-je-to-nazivo\/","author":{"@type":"Person","@id":"https:\/\/www.blackle.cz\/author\/#Person","name":"","url":"https:\/\/www.blackle.cz\/author\/","identifier":1,"image":{"@type":"ImageObject","@id":"https:\/\/secure.gravatar.com\/avatar\/774cfd57496a9f02284489749b4229073861faca9d8a66df7d65507a77c5d31f?s=96&d=mm&r=g","url":"https:\/\/secure.gravatar.com\/avatar\/774cfd57496a9f02284489749b4229073861faca9d8a66df7d65507a77c5d31f?s=96&d=mm&r=g","height":96,"width":96}},"publisher":{"@type":"Organization","name":"blackle.cz","logo":{"@type":"ImageObject","@id":"\/logo.png","url":"\/logo.png","width":600,"height":60}},"image":{"@type":"ImageObject","@id":"https:\/\/www.blackle.cz\/wp-content\/uploads\/img_a317897_w2435_t1528704053.jpg","url":"https:\/\/www.blackle.cz\/wp-content\/uploads\/img_a317897_w2435_t1528704053.jpg","height":0,"width":0},"keywords":null},{"@type":"Article","@id":"https:\/\/www.blackle.cz\/usporadat-firemni-vecirek-neni-snadny-ukol\/","headline":"Uspo\u0159\u00e1dat firemn\u00ed ve\u010d\u00edrek nen\u00ed snadn\u00fd \u00fakol","url":"https:\/\/www.blackle.cz\/usporadat-firemni-vecirek-neni-snadny-ukol\/","datePublished":"2018-05-03","dateModified":"2018-05-03","mainEntityOfPage":"https:\/\/www.blackle.cz\/usporadat-firemni-vecirek-neni-snadny-ukol\/","author":{"@type":"Person","@id":"https:\/\/www.blackle.cz\/author\/#Person","name":"","url":"https:\/\/www.blackle.cz\/author\/","identifier":1,"image":{"@type":"ImageObject","@id":"https:\/\/secure.gravatar.com\/avatar\/774cfd57496a9f02284489749b4229073861faca9d8a66df7d65507a77c5d31f?s=96&d=mm&r=g","url":"https:\/\/secure.gravatar.com\/avatar\/774cfd57496a9f02284489749b4229073861faca9d8a66df7d65507a77c5d31f?s=96&d=mm&r=g","height":96,"width":96}},"publisher":{"@type":"Organization","name":"blackle.cz","logo":{"@type":"ImageObject","@id":"\/logo.png","url":"\/logo.png","width":600,"height":60}},"image":{"@type":"ImageObject","@id":"https:\/\/www.blackle.cz\/wp-content\/uploads\/img_a316731_w2400_t1527669544.jpg","url":"https:\/\/www.blackle.cz\/wp-content\/uploads\/img_a316731_w2400_t1527669544.jpg","height":0,"width":0},"keywords":null},{"@type":"Article","@id":"https:\/\/www.blackle.cz\/zakladem-propagace-na-webu-jsou-seo-klicova-slova\/","headline":"Z\u00e1kladem propagace na webu jsou seo kl\u00ed\u010dov\u00e1 slova","url":"https:\/\/www.blackle.cz\/zakladem-propagace-na-webu-jsou-seo-klicova-slova\/","datePublished":"2018-04-22","dateModified":"2023-05-06","mainEntityOfPage":"https:\/\/www.blackle.cz\/zakladem-propagace-na-webu-jsou-seo-klicova-slova\/","author":{"@type":"Person","@id":"https:\/\/www.blackle.cz\/author\/#Person","name":"","url":"https:\/\/www.blackle.cz\/author\/","identifier":1,"image":{"@type":"ImageObject","@id":"https:\/\/secure.gravatar.com\/avatar\/774cfd57496a9f02284489749b4229073861faca9d8a66df7d65507a77c5d31f?s=96&d=mm&r=g","url":"https:\/\/secure.gravatar.com\/avatar\/774cfd57496a9f02284489749b4229073861faca9d8a66df7d65507a77c5d31f?s=96&d=mm&r=g","height":96,"width":96}},"publisher":{"@type":"Organization","name":"blackle.cz","logo":{"@type":"ImageObject","@id":"\/logo.png","url":"\/logo.png","width":600,"height":60}},"image":{"@type":"ImageObject","@id":"https:\/\/www.blackle.cz\/wp-content\/uploads\/img_a317000_w2608_t1527766698.png","url":"https:\/\/www.blackle.cz\/wp-content\/uploads\/img_a317000_w2608_t1527766698.png","height":0,"width":0},"keywords":null}]}